{"id":2553,"date":"2020-09-30T05:31:22","date_gmt":"2020-09-30T05:31:22","guid":{"rendered":"https:\/\/stehs.verkkokauppakuiskaaja.zoner.dev\/?p=2553"},"modified":"2025-03-15T18:26:05","modified_gmt":"2025-03-15T16:26:05","slug":"ehealth2020-kansainvalinen-konferenssi-2020","status":"publish","type":"post","link":"https:\/\/www.telemedicine.fi\/en\/ehealth2020-kansainvalinen-konferenssi-2020\/","title":{"rendered":"eHealth2020 &#8211; kansainv\u00e4linen konferenssi 2020"},"content":{"rendered":"<div data-elementor-type=\"wp-post\" data-elementor-id=\"2553\" class=\"elementor elementor-2553\">\n\t\t\t\t<div class=\"elementor-element elementor-element-8aaaa69 e-flex e-con-boxed wpr-particle-no wpr-jarallax-no wpr-parallax-no wpr-sticky-section-no wpr-equal-height-no e-con e-parent\" data-id=\"8aaaa69\" data-element_type=\"container\" data-e-type=\"container\">\n\t\t\t\t\t<div class=\"e-con-inner\">\n\t\t\t\t<div class=\"elementor-element elementor-element-d18c2a4 elementor-widget elementor-widget-heading\" data-id=\"d18c2a4\" data-element_type=\"widget\" data-e-type=\"widget\" data-widget_type=\"heading.default\">\n\t\t\t\t<div class=\"elementor-widget-container\">\n\t\t\t\t\t<h3 class=\"elementor-heading-title elementor-size-default\">#eHealth2020 \u2013 International Conference siirtyy pidett\u00e4v\u00e4ksi virtuaalisena 1.10.2020<\/h3>\t\t\t\t<\/div>\n\t\t\t\t<\/div>\n\t\t\t\t<div class=\"elementor-element elementor-element-cf8caa9 elementor-widget elementor-widget-text-editor\" data-id=\"cf8caa9\" data-element_type=\"widget\" data-e-type=\"widget\" data-widget_type=\"text-editor.default\">\n\t\t\t\t<div class=\"elementor-widget-container\">\n\t\t\t\t\t\t\t\t\t<p><span style=\"font-style: inherit; font-weight: inherit; color: var(--ast-global-color-3);\">Vallitsevasta koronavirustilanteesta (COVID-19) johtuen Suomen telel\u00e4\u00e4ketieteen ja eHealth seura ry on p\u00e4\u00e4tt\u00e4nyt muuttaa #eHealth2020 International Conference -tapahtuman fyysisest\u00e4 t\u00e4ysin virtuaaliseksi.<\/span><\/p><p><strong>Uusi ajankohta konferenssille on 1.10. 2020.<\/strong><\/p><p>Ilmoittautuminen on nyt auki maksuttomana 200 osallistujalle.<\/p><p><strong>Ilmoittaudu nyt varmistaaksesi virtuaalisen osallistumisesi:\u00a0<\/strong><br \/><a href=\"https:\/\/ehealthconference2020.dealroomevents.com\/\" target=\"_blank\" rel=\"noopener\">https:\/\/ehealthconference2020.dealroomevents.com\/<\/a><\/p><p>Tutustu konferenssin\u00a0<a href=\"https:\/\/www.telemedicine.fi\/wp-content\/uploads\/2025\/01\/eHealth2020-program.pdf\" target=\"_blank\" rel=\"noopener\">ohjelmaan (pdf)<\/a><\/p><p class=\"western\" lang=\"en-US\">#eHealth2020 \u2013 International\u00a0Conference &amp; The 25th Finnish National Conference on Telemedicine and eHealth, \u201dFrom Dream to Reality\u201d 1.10.2020, Virtual Conference.<\/p><p class=\"western\" lang=\"en-US\"><span lang=\"fi-FI\">Vuoden 2020 kansainv\u00e4lisess\u00e4 konferenssissa k\u00e4sitell\u00e4\u00e4n teemoja ja tuodaan uusinta tietoa kansainv\u00e4lisest\u00e4, pohjoismaisesta sek\u00e4 kansallisesta digitaalisesta terveydenhuollon kehityksest\u00e4 ja ratkaisuista. Ohjelma on suunnattu niin terveydenhuollon arjen ammattilaisille kuin tekniikan ja palveluiden kehitt\u00e4jille.\u00a0 Kohtauspaikkana konferenssi tarjoaa tuoretta tietoa niin l\u00e4\u00e4k\u00e4reille, hoitohenkil\u00f6kunnalle kuin hallinnosta, suunnittelusta ja koulutuksesta vastaaville. Konferenssi j\u00e4rjestet\u00e4\u00e4n englanninkielisen\u00e4.<\/span><\/p>\t\t\t\t\t\t\t\t<\/div>\n\t\t\t\t<\/div>\n\t\t\t\t\t<\/div>\n\t\t\t\t<\/div>\n\t\t<div class=\"elementor-element elementor-element-6fad785 e-flex e-con-boxed wpr-particle-no wpr-jarallax-no wpr-parallax-no wpr-sticky-section-no wpr-equal-height-no e-con e-parent\" data-id=\"6fad785\" data-element_type=\"container\" data-e-type=\"container\">\n\t\t\t\t\t<div class=\"e-con-inner\">\n\t\t\t\t<div class=\"elementor-element elementor-element-5277daf elementor-widget elementor-widget-text-editor\" data-id=\"5277daf\" data-element_type=\"widget\" data-e-type=\"widget\" data-widget_type=\"text-editor.default\">\n\t\t\t\t<div class=\"elementor-widget-container\">\n\t\t\t\t\t\t\t\t\t<p><span style=\"font-style: inherit; font-weight: inherit; color: var(--ast-global-color-3);\">Teemojamme:<\/span><\/p><ul><li>Nordic digital experience<\/li><li>Data lakes or leaks<\/li><li>Personalized care &#8211; thank you!<\/li><li>Digital competence in health<\/li><li>Test beds and medical devices &#8211; pros and cons<\/li><li>Citizens as user of digital health<\/li><li>eHealth and eWelfare in practice<\/li><li>Co-creation orchestration<\/li><\/ul>\t\t\t\t\t\t\t\t<\/div>\n\t\t\t\t<\/div>\n\t\t\t\t\t<\/div>\n\t\t\t\t<\/div>\n\t\t<div class=\"elementor-element elementor-element-123db43 e-flex e-con-boxed wpr-particle-no wpr-jarallax-no wpr-parallax-no wpr-sticky-section-no wpr-equal-height-no e-con e-parent\" data-id=\"123db43\" data-element_type=\"container\" data-e-type=\"container\">\n\t\t\t\t\t<div class=\"e-con-inner\">\n\t\t\t\t<div class=\"elementor-element elementor-element-b66ecf5 elementor-widget elementor-widget-text-editor\" data-id=\"b66ecf5\" data-element_type=\"widget\" data-e-type=\"widget\" data-widget_type=\"text-editor.default\">\n\t\t\t\t<div class=\"elementor-widget-container\">\n\t\t\t\t\t\t\t\t\t<p>Konferenssista my\u00f6nnet\u00e4\u00e4n 5 tuntia teoreettista koulutusta l\u00e4\u00e4k\u00e4reiden, hammasl\u00e4\u00e4k\u00e4reiden ja el\u00e4inl\u00e4\u00e4k\u00e4reiden\u00a0<a href=\"https:\/\/www.telemedicine.fi\/en\/terveydenhuollon-tietotekniikan-erityispatevyys\/\" target=\"_blank\" rel=\"noopener\">terveydenhuollon tietotekniikan erityisp\u00e4tevyytee<\/a>n. Konferenssista on haettu Oulun yliopistosta hyv\u00e4ksynt\u00e4\u00e4 5 tunnille l\u00e4\u00e4k\u00e4rien hallinnon koulutukseen ja alasta riippuen 5 tunnille l\u00e4\u00e4ketieteen erikoisalojen teoreettiseen koulutukseen.<\/p><p class=\"western\" lang=\"en-US\"><strong>Konferenssin materiaalit<\/strong><br \/>\u2022 Konferenssin\u00a0<a href=\"https:\/\/www.telemedicine.fi\/wp-content\/uploads\/2025\/01\/eHealth2020-program.pdf\" target=\"_blank\" rel=\"noopener\">ohjelma (pdf)<\/a><br \/>\u2022 Konferenssin\u00a0<a href=\"https:\/\/www.telemedicine.fi\/wp-content\/uploads\/2025\/01\/978-952-69224-2-3.pdf\" target=\"_blank\" rel=\"noopener\">abstraktikirja (pdf)<\/a><br \/>\u2022 Twitter:\u00a0<a href=\"https:\/\/twitter.com\/hashtag\/ehealth2020\" target=\"_blank\" rel=\"noopener\">https:\/\/twitter.com\/hashtag\/ehealth2020<\/a><br \/>\u2022 Facebook:\u00a0<a href=\"https:\/\/www.facebook.com\/ehealthfinland\" target=\"_blank\" rel=\"noopener\">www.facebook.com\/ehealthfinland<\/a><\/p><p class=\"western\" lang=\"en-US\">Lis\u00e4tietoja: conference(at)telemedicine.fi<\/p><p><img decoding=\"async\" src=\"https:\/\/www.telemedicine.fi\/images\/pdf\/kansalliset_seminaarit\/2020\/eHealth2020_virtual.jpg\" alt=\"\" \/><\/p><h2>\u00a0<\/h2>\t\t\t\t\t\t\t\t<\/div>\n\t\t\t\t<\/div>\n\t\t\t\t\t<\/div>\n\t\t\t\t<\/div>\n\t\t\t\t<\/div>","protected":false},"excerpt":{"rendered":"<p>#eHealth2020 \u2013 International Conference siirtyy pidett\u00e4v\u00e4ksi virtuaalisena 1.10.2020 Vallitsevasta koronavirustilanteesta (COVID-19) johtuen Suomen telel\u00e4\u00e4ketieteen ja eHealth seura ry on p\u00e4\u00e4tt\u00e4nyt muuttaa #eHealth2020 International Conference -tapahtuman fyysisest\u00e4 t\u00e4ysin virtuaaliseksi. Uusi ajankohta konferenssille on 1.10. 2020. Ilmoittautuminen on nyt auki maksuttomana 200 osallistujalle. Ilmoittaudu nyt varmistaaksesi virtuaalisen osallistumisesi:\u00a0https:\/\/ehealthconference2020.dealroomevents.com\/ Tutustu konferenssin\u00a0ohjelmaan (pdf) #eHealth2020 \u2013 International\u00a0Conference &amp; The 25th Finnish National Conference on Telemedicine and eHealth, \u201dFrom Dream to Reality\u201d 1.10.2020, Virtual Conference. Vuoden 2020 kansainv\u00e4lisess\u00e4 konferenssissa k\u00e4sitell\u00e4\u00e4n teemoja ja tuodaan uusinta tietoa kansainv\u00e4lisest\u00e4, pohjoismaisesta sek\u00e4 kansallisesta digitaalisesta terveydenhuollon kehityksest\u00e4 ja ratkaisuista. Ohjelma on suunnattu niin terveydenhuollon arjen ammattilaisille kuin tekniikan ja palveluiden kehitt\u00e4jille.\u00a0 Kohtauspaikkana konferenssi tarjoaa tuoretta tietoa niin l\u00e4\u00e4k\u00e4reille, hoitohenkil\u00f6kunnalle kuin hallinnosta, suunnittelusta ja koulutuksesta vastaaville. Konferenssi j\u00e4rjestet\u00e4\u00e4n englanninkielisen\u00e4. Teemojamme: Nordic digital experience Data lakes or leaks Personalized care &#8211; thank you! Digital competence in health Test beds and medical devices &#8211; pros and cons Citizens as user of digital health eHealth and eWelfare in practice Co-creation orchestration Konferenssista my\u00f6nnet\u00e4\u00e4n 5 tuntia teoreettista koulutusta l\u00e4\u00e4k\u00e4reiden, hammasl\u00e4\u00e4k\u00e4reiden ja el\u00e4inl\u00e4\u00e4k\u00e4reiden\u00a0terveydenhuollon tietotekniikan erityisp\u00e4tevyyteen. Konferenssista on haettu Oulun yliopistosta hyv\u00e4ksynt\u00e4\u00e4 5 tunnille l\u00e4\u00e4k\u00e4rien hallinnon koulutukseen ja alasta riippuen 5 tunnille l\u00e4\u00e4ketieteen erikoisalojen teoreettiseen koulutukseen. Konferenssin materiaalit\u2022 Konferenssin\u00a0ohjelma (pdf)\u2022 Konferenssin\u00a0abstraktikirja (pdf)\u2022 Twitter:\u00a0https:\/\/twitter.com\/hashtag\/ehealth2020\u2022 Facebook:\u00a0www.facebook.com\/ehealthfinland Lis\u00e4tietoja: conference(at)telemedicine.fi \u00a0<\/p>","protected":false},"author":6,"featured_media":0,"comment_status":"closed","ping_status":"closed","sticky":false,"template":"","format":"standard","meta":{"site-sidebar-layout":"default","site-content-layout":"","ast-site-content-layout":"default","site-content-style":"default","site-sidebar-style":"default","ast-global-header-display":"","ast-banner-title-visibility":"","ast-main-header-display":"","ast-hfb-above-header-display":"","ast-hfb-below-header-display":"","ast-hfb-mobile-header-display":"","site-post-title":"","ast-breadcrumbs-content":"","ast-featured-img":"","footer-sml-layout":"","ast-disable-related-posts":"","theme-transparent-header-meta":"default","adv-header-id-meta":"","stick-header-meta":"","header-above-stick-meta":"","header-main-stick-meta":"","header-below-stick-meta":"","astra-migrate-meta-layouts":"set","ast-page-background-enabled":"default","ast-page-background-meta":{"desktop":{"background-color":"","background-image":"","background-repeat":"repeat","background-position":"center center","background-size":"auto","background-attachment":"scroll","background-type":"","background-media":"","overlay-type":"","overlay-color":"","overlay-opacity":"","overlay-gradient":""},"tablet":{"background-color":"","background-image":"","background-repeat":"repeat","background-position":"center center","background-size":"auto","background-attachment":"scroll","background-type":"","background-media":"","overlay-type":"","overlay-color":"","overlay-opacity":"","overlay-gradient":""},"mobile":{"background-color":"","background-image":"","background-repeat":"repeat","background-position":"center center","background-size":"auto","background-attachment":"scroll","background-type":"","background-media":"","overlay-type":"","overlay-color":"","overlay-opacity":"","overlay-gradient":""}},"ast-content-background-meta":{"desktop":{"background-color":"var(--ast-global-color-5)","background-image":"","background-repeat":"repeat","background-position":"center center","background-size":"auto","background-attachment":"scroll","background-type":"","background-media":"","overlay-type":"","overlay-color":"","overlay-opacity":"","overlay-gradient":""},"tablet":{"background-color":"var(--ast-global-color-5)","background-image":"","background-repeat":"repeat","background-position":"center center","background-size":"auto","background-attachment":"scroll","background-type":"","background-media":"","overlay-type":"","overlay-color":"","overlay-opacity":"","overlay-gradient":""},"mobile":{"background-color":"var(--ast-global-color-5)","background-image":"","background-repeat":"repeat","background-position":"center center","background-size":"auto","background-attachment":"scroll","background-type":"","background-media":"","overlay-type":"","overlay-color":"","overlay-opacity":"","overlay-gradient":""}},"footnotes":""},"categories":[34],"tags":[],"class_list":["post-2553","post","type-post","status-publish","format-standard","hentry","category-konferenssi"],"_links":{"self":[{"href":"https:\/\/www.telemedicine.fi\/en\/wp-json\/wp\/v2\/posts\/2553","targetHints":{"allow":["GET"]}}],"collection":[{"href":"https:\/\/www.telemedicine.fi\/en\/wp-json\/wp\/v2\/posts"}],"about":[{"href":"https:\/\/www.telemedicine.fi\/en\/wp-json\/wp\/v2\/types\/post"}],"author":[{"embeddable":true,"href":"https:\/\/www.telemedicine.fi\/en\/wp-json\/wp\/v2\/users\/6"}],"replies":[{"embeddable":true,"href":"https:\/\/www.telemedicine.fi\/en\/wp-json\/wp\/v2\/comments?post=2553"}],"version-history":[{"count":7,"href":"https:\/\/www.telemedicine.fi\/en\/wp-json\/wp\/v2\/posts\/2553\/revisions"}],"predecessor-version":[{"id":2570,"href":"https:\/\/www.telemedicine.fi\/en\/wp-json\/wp\/v2\/posts\/2553\/revisions\/2570"}],"wp:attachment":[{"href":"https:\/\/www.telemedicine.fi\/en\/wp-json\/wp\/v2\/media?parent=2553"}],"wp:term":[{"taxonomy":"category","embeddable":true,"href":"https:\/\/www.telemedicine.fi\/en\/wp-json\/wp\/v2\/categories?post=2553"},{"taxonomy":"post_tag","embeddable":true,"href":"https:\/\/www.telemedicine.fi\/en\/wp-json\/wp\/v2\/tags?post=2553"}],"curies":[{"name":"wp","href":"https:\/\/api.w.org\/{rel}","templated":true}]}}